{"id":4291,"date":"2021-03-22T13:06:58","date_gmt":"2021-03-22T13:06:58","guid":{"rendered":"https:\/\/valeaavrigului.com\/?p=4291"},"modified":"2021-10-27T09:19:23","modified_gmt":"2021-10-27T09:19:23","slug":"petrecerea-unui-sejur-pe-valea-avrigului","status":"publish","type":"post","link":"https:\/\/valeaavrigului.com\/en\/petrecerea-unui-sejur-pe-valea-avrigului\/","title":{"rendered":"Sejur pe Valea Avrigului"},"content":{"rendered":"<h4><b>Petrecerea unui sejur de poveste<\/b><b> <\/b><b>\u00een <\/b><br \/>\n<b>the touristic area<\/b><\/h4>\n<p>Valea Avrigului este destina\u021bia perfect\u0103 pentru turi\u0219tii care caut\u0103 o oaz\u0103 de lini\u0219te \u00eentr-un mediu \u00een care natura \u00ee\u0219i face sim\u021bit\u0103 prezen\u021ba constant, iar aerul curat nu se compar\u0103 cu nici o alt\u0103 terapie pentru o via\u021b\u0103 s\u0103n\u0103toas\u0103.<\/p>\n<p><img width=\"1024\" height=\"576\" src=\"https:\/\/valeaavrigului.com\/wp-content\/uploads\/2021\/03\/WhatsApp-Image-2021-01-21-at-14.50.28-1.jpeg\" alt=\"\" loading=\"lazy\"><\/p>\n<p><b>\u201cSituat\u0103 la poalele Mun\u021bilor F\u0103g\u0103ra\u0219 \u0219i ferit\u0103 de zgomotul cotidian, Valea Avrigului reprezint\u0103 locul ideal atunci c\u00e2nd ne dorim s\u0103 evad\u0103m \u0219i s\u0103 schimb\u0103m rutina de zi cu zi cu un sejur care s\u0103 ne \u00eencarce bateriile.\u201d<\/b><\/p>\n<p>Tocmai pentru a te putea bucura \u0219i profita la maxim de poten\u021bialul zonei, \u00ee\u021bi vom prezenta \u00een articolul ce urmeaz\u0103 c\u00e2\u021biva pa\u0219i esen\u021biali.&nbsp;<\/p>\n<h2><b><em style=\"font-family: Salsa, sans-serif;font-size: 20px\">Alege\u021bi cazarea \u00een func\u021bie de serviciile pe care \u021bi le dore\u0219ti.<\/em><\/b><\/h2>\n<p>Datorit\u0103 faptului c\u0103 Valea Avrigului dispune de o gam\u0103 variat\u0103 de unit\u0103\u021bi de cazare, acestea variind de la cabane la pensiuni de 4 margarete, te sf\u0103tuim s\u0103 alegi locul \u00een care dore\u0219ti s\u0103-\u021bi petreci sejurul \u021bin\u00e2nd cont de serviciile \u0219i dot\u0103rile de care vrei s\u0103 beneficiezi odat\u0103 ajuns aici.<\/p>\n<p>D\u0103c\u0103 \u00ee\u021bi place intimitatea \u0219i nu vrei s\u0103 te intersectezi cu al\u021bi turi\u0219ti fie la micul de jun sau pe holurile pensiunii, po\u021bi alege s\u0103-\u021bi rezervi o caban\u0103 sau o cas\u0103 de vacan\u021b\u0103 doar pentru tine \u0219i pentru cei cu care dore\u0219ti s\u0103-\u021bi petreci vacan\u021ba. Exist\u0103 foarte multe cabane rustice \u0219i case de vacan\u021b\u0103 primitoare care \u00ee\u021bi pot satisface aceast\u0103 dorin\u021b\u0103.<\/p>\n<p>\u00cen schimb, dac\u0103 \u00ee\u021bi dore\u0219ti ca totul s\u0103 fie inclus \u00eentr-un pachet care s\u0103 acopere at\u00e2t cazarea c\u00e2t \u0219i mesele, iar tu s\u0103 nu trebuiasc\u0103 s\u0103-\u021bi faci griji pentru nimic, \u00ee\u0219i recomand\u0103m s\u0103-\u021bi rezervi camerele la o pensiune, acolo unde personalul amabil va avea grij\u0103 s\u0103 te sim\u021bi 100% ca \u00een vacan\u021b\u0103!<\/p>\n<h2>\n<p style=\"margin: 0cm 0cm 10pt;font-weight: 400;line-height: 16.8667px;font-size: 11pt;font-family: Calibri, sans-serif\"><em style=\"font-family: Salsa, sans-serif;font-size: 20px\">Dac\u0103 dore\u0219ti s\u0103 te bucuri de o tur\u0103 c\u0103lare, un traseu ghidat pe o biciclet\u0103 electric\u0103 sau cu ATV-ul, ai grij\u0103 s\u0103-\u021bi rezervi locul cu cel pu\u021bin o zi \u00eenainte de sosire.<\/em><\/p>\n<\/h2>\n<p>\u00cencep\u00e2nd cu luna aprilie, zona aduce turi\u0219tilor \u0219i alte posibilit\u0103\u021bi de petrecere a timpului liber \u00een natur\u0103. \u0218i aici ne referim mai exact la ture organizate de c\u0103tre Transylvania E-Bike Tours, \u00een cadrul c\u0103rora turi\u0219tii au posibilitatea s\u0103 decopere zona \u0219i frumuse\u021bea locului pedal\u00e2nd, fiind ghida\u021bi pe tot parcursul traseului.<\/p>\n<p>Bicicletele sunt electrice, lucru care \u00eenseamn\u0103 c\u0103 nu vei depune chiar acela\u0219i nivel de efort ca \u00een cazul unei biciclete normale \u0219i vei putea acorda mai mult\u0103 aten\u021bie locurilor menite a fi descoperite.<\/p>\n<p><img width=\"600\" height=\"849\" src=\"https:\/\/valeaavrigului.com\/wp-content\/uploads\/2021\/03\/WhatsApp-Image-2021-03-16-at-16.54.21-1-600x849.jpeg\" alt=\"\" loading=\"lazy\"><\/p>\n<h2><em style=\"font-family: Salsa, sans-serif;font-size: 20px;font-weight: 400\">Echipeaz\u0103-te corespunz\u0103tor<\/em><\/h2>\n<p>S\u0103 nu uit\u0103m c\u0103 vorbim despre un sejur \u00een natur\u0103 a\u0219a c\u0103 este foarte important cum ne alegem echipamentul \u0219i mai ales tipul de \u00eenc\u0103l\u021b\u0103minte. Sfatul nostru este s\u0103 renun\u021bi la \u00eembr\u0103c\u0103mintea office \u0219i s\u0103 alegi o pereche de adida\u0219i \u00een schimb.<\/p>\n<p>Odat\u0103 ajuns aici, po\u021bi alege s\u0103-\u021bi petreci o zi sau dou\u0103 pe munte, Valea Avrigului fiind punct de plecare pentru numeroase trasee montane. A\u0219a c\u0103, nu uita s\u0103 adaugi la bagaj \u0219i echipamentul corespunz\u0103tor unei astfel de expedi\u021bii.<\/p>\n<h2><em style=\"font-family: Salsa, sans-serif;font-size: 20px;font-weight: 400\">Exploreaz\u0103 zona<\/em><\/h2>\n<p>Recomandarea noastr\u0103 este s\u0103 iei potecile le pas. Astfel, ai \u0219ansa s\u0103 descoperi pe cont propriu fauna \u0219i flora specifice zonei. \u00ce\u021bi garant\u0103m c\u0103 este terapia perfect\u0103 pentru alungarea stresului!&nbsp;<\/p>\n<p>Fii atent ! S-ar putea totu\u0219i ca pe drum s\u0103 te \u00eent\u00e2lne\u0219ti cu locuitorii zonei (\u0219i nu ne referim la oameni).<\/p>\n<figure><img src=\"https:\/\/valeaavrigului.com\/wp-content\/uploads\/2021\/03\/WhatsApp-Image-2021-01-21-at-21.32.00.jpeg\" alt=\"WhatsApp Image 2021-01-21 at 21.32.00\"><\/figure>\n<figure><img src=\"https:\/\/valeaavrigului.com\/wp-content\/uploads\/2021\/03\/WhatsApp-Image-2021-01-21-at-21.32.00-1.jpeg\" alt=\"WhatsApp Image 2021-01-21 at 21.32.00 (1)\"><\/figure>\n<figure><img src=\"https:\/\/valeaavrigului.com\/wp-content\/uploads\/2021\/03\/WhatsApp-Image-2021-01-21-at-21.49.31.jpeg\" alt=\"WhatsApp Image 2021-01-21 at 21.49.31\"><\/figure>\n<p>Anterioar\u0103<br \/>\nUrm\u0103toare<\/p>\n<p><em><strong>Sper\u0103m c\u0103 sfaturile noastre te vor ajuta s\u0103-\u021bi planifici mai u\u0219or urm\u0103toare evadare \u00een natur\u0103!&nbsp;<\/strong><\/em><\/p>","protected":false},"excerpt":{"rendered":"<p>Pa\u0219ii necesari \u00een petrecerea unui sejur de poveste \u00een zona turistic\u0103 Valea Avrigului<\/p>","protected":false},"author":1,"featured_media":4348,"comment_status":"open","ping_status":"open","sticky":false,"template":"","format":"standard","meta":[],"categories":[1],"tags":[],"_links":{"self":[{"href":"https:\/\/valeaavrigului.com\/en\/wp-json\/wp\/v2\/posts\/4291"}],"collection":[{"href":"https:\/\/valeaavrigului.com\/en\/wp-json\/wp\/v2\/posts"}],"about":[{"href":"https:\/\/valeaavrigului.com\/en\/wp-json\/wp\/v2\/types\/post"}],"author":[{"embeddable":true,"href":"https:\/\/valeaavrigului.com\/en\/wp-json\/wp\/v2\/users\/1"}],"replies":[{"embeddable":true,"href":"https:\/\/valeaavrigului.com\/en\/wp-json\/wp\/v2\/comments?post=4291"}],"version-history":[{"count":83,"href":"https:\/\/valeaavrigului.com\/en\/wp-json\/wp\/v2\/posts\/4291\/revisions"}],"predecessor-version":[{"id":4626,"href":"https:\/\/valeaavrigului.com\/en\/wp-json\/wp\/v2\/posts\/4291\/revisions\/4626"}],"wp:featuredmedia":[{"embeddable":true,"href":"https:\/\/valeaavrigului.com\/en\/wp-json\/wp\/v2\/media\/4348"}],"wp:attachment":[{"href":"https:\/\/valeaavrigului.com\/en\/wp-json\/wp\/v2\/media?parent=4291"}],"wp:term":[{"taxonomy":"category","embeddable":true,"href":"https:\/\/valeaavrigului.com\/en\/wp-json\/wp\/v2\/categories?post=4291"},{"taxonomy":"post_tag","embeddable":true,"href":"https:\/\/valeaavrigului.com\/en\/wp-json\/wp\/v2\/tags?post=4291"}],"curies":[{"name":"wp","href":"https:\/\/api.w.org\/{rel}","templated":true}]}}